{"id":24330,"date":"2026-08-30T19:06:40","date_gmt":"2026-08-30T22:06:40","guid":{"rendered":"https:\/\/cliente1.publisher.highstack.com.ar\/?p=24330"},"modified":"2026-08-30T19:06:40","modified_gmt":"2026-08-30T22:06:40","slug":"un-hombre-murio-en-concordia-tras-desplomarse-mientras-circulaba-en-bicicleta","status":"publish","type":"post","link":"https:\/\/cliente1.publisher.highstack.com.ar\/?p=24330","title":{"rendered":"Un hombre muri\u00f3 en Concordia tras desplomarse mientras circulaba en bicicleta"},"content":{"rendered":"<p><\/p>\n<div>\n<p>Un <b>hombre muri\u00f3 tras desplomarse mientras circulaba en bicicleta<\/b> por la v\u00eda p\u00fablica en Concordia. La v\u00edctima ten\u00eda 57 a\u00f1os y se trasladaba en una mountain bike cuando, por circunstancias que permanec\u00edan bajo investigaci\u00f3n, cay\u00f3 sobre la cinta asf\u00e1ltica. <\/p>\n<p><!-- is a <br \/>--><\/p>\n<p>\u00a0<\/p>\n<p><!-- is a <br \/>--><\/p>\n<p><!-- is a object --><br \/>\n<!-- embed start --><!-- embed end --><br \/>\n<!-- end object --><\/p>\n<p>\u00a0<\/p>\n<p><!-- is a <br \/>--><\/p>\n<p>El episodio ocurri\u00f3 sobre calle Salta y motiv\u00f3 la intervenci\u00f3n de personal policial y del servicio de Emergencias Sanitarias 107. Los profesionales acudieron al lugar y, pese a la asistencia desplegada, constataron el fallecimiento del ciclista. <\/p>\n<p><!-- is a <br \/>--><\/p>\n<p>\u00a0<\/p>\n<p><!-- is a <br \/>--><\/p>\n<p>De acuerdo con la informaci\u00f3n oficial, una de las hip\u00f3tesis iniciales apuntaba a que el hombre podr\u00eda haber sufrido un paro cardiorrespiratorio mientras circulaba. Sin embargo, se iniciaron las actuaciones correspondientes para determinar fehacientemente las causas del deceso y descartar otras circunstancias vinculadas al episodio. <\/p>\n<p><!-- is a <br \/>--><\/p>\n<p>\u00a0<\/p>\n<p><!-- is a <br \/>--><\/p>\n<p><!-- is a object --><\/p>\n<h2>Se desplom\u00f3 mientras circulaba en bicicleta<\/h2>\n<p><!-- end object --><\/p>\n<p>\u00a0<\/p>\n<p><!-- is a <br \/>--><\/p>\n<p><!-- is a object --><br \/>\n<!-- embed start --><\/p>\n<figure class=\"embed\">\n<p>    <img decoding=\"async\" src=\"https:\/\/elonce-media.elonce.com\/fotos\/2026\/08\/30\/e_1788122551_77267.webp\" loading=\"lazy\" width=\"600\" height=\"400\" alt=\"\"\/><\/p>\n<\/figure>\n<p><!-- embed end --><br \/>\n<!-- end object --><\/p>\n<p>\u00a0<\/p>\n<p><!-- is a <br \/>--><\/p>\n<p>Seg\u00fan se inform\u00f3, el hombre se desplazaba a bordo de una bicicleta tipo mountain bike cuando repentinamente se desplom\u00f3 sobre la calzada. No se hab\u00edan establecido inicialmente otros factores que pudieran haber provocado la ca\u00edda. <\/p>\n<p><!-- is a <br \/>--><\/p>\n<p>\u00a0<\/p>\n<p><!-- is a <br \/>--><\/p>\n<p>Ante lo sucedido, se dio aviso a los servicios de emergencia y acudi\u00f3 al lugar personal del 107. Los profesionales constataron que el ciclista se encontraba sin vida, por lo que posteriormente se dio intervenci\u00f3n a las autoridades correspondientes, public\u00f3 <i>Diario R\u00edo Uruguay<\/i>. <\/p>\n<p><!-- is a <br \/>--><\/p>\n<p>\u00a0<\/p>\n<p><!-- is a <br \/>--><\/p>\n<p><!-- is a object --><\/p>\n<h2>Identificaron al hombre fallecido<\/h2>\n<p><!-- end object --><\/p>\n<p>\u00a0<\/p>\n<p><!-- is a <br \/>--><\/p>\n<p>Fuentes policiales confirmaron posteriormente la identidad de la v\u00edctima. Se trataba de <b>Orlando Ceferino Bueno, de 57 a\u00f1os<\/b>, quien ten\u00eda domicilio en calle Moreno de Concordia. <\/p>\n<p><!-- is a <br \/>--><\/p>\n<p>\u00a0<\/p>\n<p><!-- is a <br \/>--><\/p>\n<p>La muerte se produjo mientras Bueno se encontraba circulando en bicicleta por calle Salta. Tras desplomarse, qued\u00f3 tendido sobre la cinta asf\u00e1ltica y posteriormente se confirm\u00f3 su fallecimiento. <\/p>\n<p><!-- is a <br \/>--><\/p>\n<p>\u00a0<\/p>\n<p><!-- is a <br \/>--><\/p>\n<p>Las actuaciones iniciadas permitir\u00e1n determinar la causa concreta de la muerte y establecer si existi\u00f3 alguna circunstancia previa que pudiera haber incidido en el desenlace. Hasta el momento, la posibilidad de un paro cardiorrespiratorio era considerada como la principal hip\u00f3tesis.<\/p>\n<\/p><\/div>\n","protected":false},"excerpt":{"rendered":"<p>Un hombre muri\u00f3 tras desplomarse mientras circulaba en bicicleta por la v\u00eda p\u00fablica en Concordia. La v\u00edctima ten\u00eda 57 a\u00f1os y se trasladaba en una mountain bike cuando, por circunstancias que permanec\u00edan bajo investigaci\u00f3n, cay\u00f3 sobre la cinta asf\u00e1ltica. \u00a0 \u00a0 El episodio ocurri\u00f3 sobre calle Salta y motiv\u00f3 la intervenci\u00f3n de personal policial y [&hellip;]<\/p>\n","protected":false},"author":1,"featured_media":24331,"comment_status":"open","ping_status":"open","sticky":false,"template":"","format":"standard","meta":{"footnotes":""},"categories":[1],"tags":[],"class_list":["post-24330","post","type-post","status-publish","format-standard","has-post-thumbnail","hentry","category-uncategorized"],"_links":{"self":[{"href":"https:\/\/cliente1.publisher.highstack.com.ar\/index.php?rest_route=\/wp\/v2\/posts\/24330","targetHints":{"allow":["GET"]}}],"collection":[{"href":"https:\/\/cliente1.publisher.highstack.com.ar\/index.php?rest_route=\/wp\/v2\/posts"}],"about":[{"href":"https:\/\/cliente1.publisher.highstack.com.ar\/index.php?rest_route=\/wp\/v2\/types\/post"}],"author":[{"embeddable":true,"href":"https:\/\/cliente1.publisher.highstack.com.ar\/index.php?rest_route=\/wp\/v2\/users\/1"}],"replies":[{"embeddable":true,"href":"https:\/\/cliente1.publisher.highstack.com.ar\/index.php?rest_route=%2Fwp%2Fv2%2Fcomments&post=24330"}],"version-history":[{"count":0,"href":"https:\/\/cliente1.publisher.highstack.com.ar\/index.php?rest_route=\/wp\/v2\/posts\/24330\/revisions"}],"wp:featuredmedia":[{"embeddable":true,"href":"https:\/\/cliente1.publisher.highstack.com.ar\/index.php?rest_route=\/wp\/v2\/media\/24331"}],"wp:attachment":[{"href":"https:\/\/cliente1.publisher.highstack.com.ar\/index.php?rest_route=%2Fwp%2Fv2%2Fmedia&parent=24330"}],"wp:term":[{"taxonomy":"category","embeddable":true,"href":"https:\/\/cliente1.publisher.highstack.com.ar\/index.php?rest_route=%2Fwp%2Fv2%2Fcategories&post=24330"},{"taxonomy":"post_tag","embeddable":true,"href":"https:\/\/cliente1.publisher.highstack.com.ar\/index.php?rest_route=%2Fwp%2Fv2%2Ftags&post=24330"}],"curies":[{"name":"wp","href":"https:\/\/api.w.org\/{rel}","templated":true}]}}