{"id":24328,"date":"2026-08-30T18:36:53","date_gmt":"2026-08-30T21:36:53","guid":{"rendered":"https:\/\/cliente1.publisher.highstack.com.ar\/?p=24328"},"modified":"2026-08-30T18:36:53","modified_gmt":"2026-08-30T21:36:53","slug":"santilli-gana-peso-en-el-gabinete-negocia-con-los-gobernadores-y-el-pro-con-la-reeleccion-de-milei-en-la-mira","status":"publish","type":"post","link":"https:\/\/cliente1.publisher.highstack.com.ar\/?p=24328","title":{"rendered":"Santilli gana peso en el Gabinete: negocia con los gobernadores y el PRO, con la reelecci\u00f3n de Milei en la mira"},"content":{"rendered":"<p> <br \/>\n<\/p>\n<div id=\"cuerpo\">\n<div class=\"sc-45461e9c-0 eqiBeF container-text text-embed \" id=\"element-body-0\">\n<p>Hace exactamente dos meses, el 30 de junio, cuando <strong>Diego Santilli <\/strong>asumi\u00f3 al frente de la Jefatura de Gabinete, el Gobierno atravesaba uno de sus momentos pol\u00edticos m\u00e1s complejos, en medio de todo el esc\u00e1ndalo por corrupci\u00f3n que salpicaba a su antecesor <strong>Manuel Adorni<\/strong>.<\/p>\n<\/div>\n<div class=\"sc-45461e9c-0 eqiBeF container-text text-embed \" id=\"element-body-1\">\n<p>Pero los problemas trascend\u00edan a lo que pasaba en Comodoro Py e inclu\u00edan enormes dificultades para construir acuerdos en el Congreso y con buena parte de los gobernadores. De all\u00ed que Javier Milei decidiera darle m\u00e1s lugar a un dirigente con recorrido pol\u00edtico, <strong>v\u00ednculos territoriales a partir de su paso por el Ministerio del Interior y capacidad de negociaci\u00f3n<\/strong>.<\/p>\n<\/div>\n<div class=\"sc-45461e9c-0 eqiBeF container-text text-embed \" id=\"element-body-2\">\n<p>Sesenta d\u00edas despu\u00e9s, Santilli no s\u00f3lo se convirti\u00f3 en el<strong> encargado de coordinar la relaci\u00f3n pol\u00edtica del Gobierno<\/strong> y el trabajo de sus ministros, sino que <strong>maneja las principales mesas ejecutivas<\/strong>, en las que toma decisiones de peso para atravesar la segunda mitad del mandato y, al mismo tiempo, preparar el terreno electoral.<\/p>\n<\/div>\n<div class=\"sc-45461e9c-0 eqiBeF container-text text-embed \" id=\"element-body-3\">\n<p>Santilli <strong>es parte clave de la mesa pol\u00edtica que conduce Karina Milei<\/strong> y que se re\u00fane una vez por semana en Casa Rosada. Pero es, adem\u00e1s, quien lleva adelante la mayor parte de las negociaciones con los gobernadores, los legisladores y distintos sectores de la oposici\u00f3n dialoguista. Y es, en paralelo, la cabeza que trabaja en un acercamiento entre La Libertad Avanza y el PRO para 2027.<\/p>\n<\/div>\n<p><h2>Nexo con los gobernadores y el Congreso<\/h2>\n<\/p>\n<div class=\"sc-45461e9c-0 eqiBeF container-text text-embed \" id=\"element-body-5\">\n<p>Una de las principales tareas que asumi\u00f3 Santilli desde su llegada a la Jefatura de Gabinete fue intentar<strong> modificar la l\u00f3gica de confrontaci\u00f3n permanente<\/strong> que hab\u00eda caracterizado buena parte de la relaci\u00f3n del Gobierno con los gobernadores y con el Congreso.<\/p>\n<\/div>\n<div class=\"sc-45461e9c-0 eqiBeF container-text text-embed \" id=\"element-body-6\">\n<p>Empez\u00f3 a recorrer distintas provincias y a mantener contactos directos con mandatarios locales, con los que ya ven\u00eda hablando desde Interior. Hasta ahora, <strong>no le viene siendo llano ese camino<\/strong>: reci\u00e9n la semana pasada se pudo avanzar con medias sanciones en Diputados para la reforma de la carta org\u00e1nica del BCRA y los cambios al proyecto de Inocencia Fiscal II.<\/p>\n<\/div>\n<div class=\"sc-98b114a2-0 bkqiHH image-embed  image-embed \" id=\"element-body-7\"><picture class=\"sc-98b114a2-1 jRUlDm\"><source media=\"(min-width: 975px)\" width=\"720\" height=\"480\" srcset=\"https:\/\/www.clarin.com\/img\/2026\/08\/30\/EZlmCY--2_720x0__1.jpg\"\/><img fetchpriority=\"high\" alt=\"Diego Santilli con los gobernadores del centro: Maximiliano Pullaro, Mart\u00edn Llaryrora y  Rogelio Frigerio.\" loading=\"eager\" width=\"720\" height=\"480\" decoding=\"async\" data-nimg=\"1\" style=\"color:transparent\" src=\"https:\/\/www.clarin.com\/img\/2026\/08\/30\/EZlmCY--2_720x0__1.jpg\"\/><span class=\"epigraphe\" aria-hidden=\"true\">Diego Santilli con los gobernadores del centro: Maximiliano Pullaro, Mart\u00edn Llaryrora y  Rogelio Frigerio.<\/span><span class=\"picture-open\"><button class=\"open-image\" aria-label=\"Open Image\"\/><\/span><\/picture><\/div>\n<div class=\"sc-45461e9c-0 eqiBeF container-text text-embed \" id=\"element-body-8\">\n<p>En el medio, hace tres semanas,<strong> hubo un traspi\u00e9 duro de asimilar en el Senado<\/strong>, que internamente se le recrimin\u00f3 al ministro desregulador Federico Sturzenegger y, en parte tambi\u00e9n, a declaraciones fuera de contexto de otros ministros como el canciller Pablo Quirno. Fue <strong>la ca\u00edda de la mayor parte de la ley de propiedad privada<\/strong>, sobre todo lo relativo al cap\u00edtulo de tierras.<\/p>\n<\/div>\n<div class=\"sc-45461e9c-0 eqiBeF container-text text-embed \" id=\"element-body-9\">\n<p>Aquella vez hubo gobernadores aliados, como los de Catamarca, Neuqu\u00e9n y Salta, que dieron la espalda al texto que promov\u00eda especialmente un mayor crecimiento porcentual enla venta de tierras a extranjeros. Son los mismos que volvieron a apoyar esta semana en Diputados, por el paquete econ\u00f3mico que el Gobierno sac\u00f3 adelante con votos de sobra.<\/p>\n<\/div>\n<div class=\"sc-45461e9c-0 eqiBeF container-text text-embed \" id=\"element-body-10\">\n<p>En los \u00faltimos d\u00edas Santilli <strong>lider\u00f3 encuentros con gobernadores del norte grande y del centro <\/strong>para impulsar un r\u00e9gimen energ\u00e9tico especial para zonas c\u00e1lidas y lograr consensuar un apoyo definitivo a la ley de zonas fr\u00edas que ya tiene media sanci\u00f3n en Diputados y necesita la otra mitad en el Senado. Parece ir encaminado.<\/p>\n<\/div>\n<p><h2>La negociaci\u00f3n con el PRO<\/h2>\n<\/p>\n<div class=\"sc-45461e9c-0 eqiBeF container-text text-embed \" id=\"element-body-12\">\n<p>El otro gran frente que conduce Santilli es el acercamiento con el PRO. Con una particularidad: <strong>\u00e9l mismo sigue siendo un hombre con identidad pol\u00edtica propia dentro del macrismo<\/strong>, con dirigentes que le responden a nivel partidario, pero al mismo tiempo ocupa una posici\u00f3n central dentro de la estructura pol\u00edtica mile\u00edsta.<\/p>\n<\/div>\n<div class=\"sc-45461e9c-0 eqiBeF container-text text-embed \" id=\"element-body-13\">\n<p>Esa doble condici\u00f3n lo convirti\u00f3 en un<strong> interlocutor privilegiado para avanzar en las conversaciones entre ambos espacios<\/strong>, sentado al lado de su amigo Cristian Ritondo, de otro viejo conocido como Fernando de Andreis y de las dos espadas que tiene el karinismo en la estructura de Gobierno: los primos Mart\u00edn y &#8220;Lule&#8221; Menem.<\/p>\n<\/div>\n<div class=\"sc-45461e9c-0 eqiBeF container-text text-embed \" id=\"element-body-14\">\n<p>A partir de su influencia, <strong>las reuniones entre La Libertad Avanza y el PRO <\/strong>comenzaron a tener una frecuencia peri\u00f3dica. La primera de esta nueva etapa fue el 6 de agosto; la segunda el 20. <strong>En la \u00faltima se defini\u00f3 un acuerdo que va m\u00e1s all\u00e1 de lo legislativo<\/strong> y que promueve una sociedad electoral hacia 2027, d\u00e1ndole prioridad al macrismo para defender los municipios en los que gobierna.<\/p>\n<\/div>\n<div class=\"sc-98b114a2-0 bkqiHH image-embed  image-embed \" id=\"element-body-15\"><picture class=\"sc-98b114a2-1 jRUlDm\"><source media=\"(min-width: 975px)\" width=\"720\" height=\"480\" srcset=\"https:\/\/www.clarin.com\/img\/2026\/08\/28\/pPWkOG5yh_720x0__1.jpg\"\/><img alt=\"Karina Milei y Diego Santilli salieron de campa\u00f1a por la Ciudad, con Pilar Ram\u00edrez.\" loading=\"eager\" width=\"720\" height=\"480\" decoding=\"async\" data-nimg=\"1\" style=\"color:transparent\" src=\"https:\/\/www.clarin.com\/img\/2026\/08\/28\/pPWkOG5yh_720x0__1.jpg\"\/><span class=\"epigraphe\" aria-hidden=\"true\">Karina Milei y Diego Santilli salieron de campa\u00f1a por la Ciudad, con Pilar Ram\u00edrez.<\/span><span class=\"picture-open\"><button class=\"open-image\" aria-label=\"Open Image\"\/><\/span><\/picture><\/div>\n<div class=\"sc-45461e9c-0 eqiBeF container-text text-embed \" id=\"element-body-16\">\n<p>L<strong>a ciudad de Buenos Aires es el punto principal de discusi\u00f3n<\/strong>, con Jorge Macri en busca de la reelecci\u00f3n y esperando que exista un acompa\u00f1amiento que los libertarios no terminan de asegurar, al punto de que f<strong>ue el propio Santilli quien el viernes pasado particip\u00f3 de una de las recorridas con Karina Milei y Pilar Ram\u00edrez<\/strong>. En alg\u00fan momento son\u00f3 para ser candidato porte\u00f1o, aunque su destino claramente est\u00e1 proyectado hacia la provincia de Buenos Aires.<\/p>\n<\/div>\n<p><h2>Candidato natural a la gobernaci\u00f3n<\/h2>\n<\/p>\n<div class=\"sc-45461e9c-0 eqiBeF container-text text-embed \" id=\"element-body-18\">\n<p>M\u00e1s all\u00e1 de que evita hacer definiciones electorales, para 2027 Santilli tiene una proyecci\u00f3n electoral totalmente marcada. Es el principal apuntado para liderar una opci\u00f3n opositora al peronismo en la provincia de Buenos Aires, que viene caminando desde 2021.<\/p>\n<\/div>\n<div class=\"sc-45461e9c-0 eqiBeF container-text text-embed \" id=\"element-body-19\">\n<p><strong>&#8220;Me apasiona la Provincia&#8221;<\/strong>, suele decir sobre ese desaf\u00edo, que se le trunc\u00f3 en 2023 tras haber acompa\u00f1ado a Horacio Rodr\u00edguez Larreta en su carrera a la presidencia. <strong>Santilli, que llev\u00f3 al oficialismo a ganar la elecci\u00f3n bonaerense de 2025<\/strong>, se imagina compitiendo como referente central de una oposici\u00f3n aglutinada contra el kicillofismo.<\/p>\n<\/div>\n<div class=\"sc-45461e9c-0 eqiBeF container-text text-embed \" id=\"element-body-20\">\n<p>Bien posicionado en t\u00e9rminos de imagen dirigencial, aun en etapas en las que no se hacen sondeos electorales, Santilli es el dirigente de mayor imagen positiva dentro del Gobierno, seg\u00fan desprende un estudio de la Universidad de San Andr\u00e9s.<\/p>\n<\/div>\n<div class=\"sc-45461e9c-0 eqiBeF container-text text-embed \" id=\"element-body-21\">\n<p>El jefe de Gabinete <strong>tiene 29% de imagen positiva, 49% de negativa y una relaci\u00f3n de -20 que lo deja como el funcionario del gabinete con mejores n\u00fameros<\/strong>. En un cargo pesado, con mucha exposici\u00f3n, son datos que lo perfilan con expectativas buenas para 2027.<\/p>\n<\/div>\n<\/div>\n","protected":false},"excerpt":{"rendered":"<p>Hace exactamente dos meses, el 30 de junio, cuando Diego Santilli asumi\u00f3 al frente de la Jefatura de Gabinete, el Gobierno atravesaba uno de sus momentos pol\u00edticos m\u00e1s complejos, en medio de todo el esc\u00e1ndalo por corrupci\u00f3n que salpicaba a su antecesor Manuel Adorni. Pero los problemas trascend\u00edan a lo que pasaba en Comodoro Py [&hellip;]<\/p>\n","protected":false},"author":1,"featured_media":24329,"comment_status":"open","ping_status":"open","sticky":false,"template":"","format":"standard","meta":{"footnotes":""},"categories":[1],"tags":[3],"class_list":["post-24328","post","type-post","status-publish","format-standard","has-post-thumbnail","hentry","category-uncategorized","tag-rogelio-frigerio"],"_links":{"self":[{"href":"https:\/\/cliente1.publisher.highstack.com.ar\/index.php?rest_route=\/wp\/v2\/posts\/24328","targetHints":{"allow":["GET"]}}],"collection":[{"href":"https:\/\/cliente1.publisher.highstack.com.ar\/index.php?rest_route=\/wp\/v2\/posts"}],"about":[{"href":"https:\/\/cliente1.publisher.highstack.com.ar\/index.php?rest_route=\/wp\/v2\/types\/post"}],"author":[{"embeddable":true,"href":"https:\/\/cliente1.publisher.highstack.com.ar\/index.php?rest_route=\/wp\/v2\/users\/1"}],"replies":[{"embeddable":true,"href":"https:\/\/cliente1.publisher.highstack.com.ar\/index.php?rest_route=%2Fwp%2Fv2%2Fcomments&post=24328"}],"version-history":[{"count":0,"href":"https:\/\/cliente1.publisher.highstack.com.ar\/index.php?rest_route=\/wp\/v2\/posts\/24328\/revisions"}],"wp:featuredmedia":[{"embeddable":true,"href":"https:\/\/cliente1.publisher.highstack.com.ar\/index.php?rest_route=\/wp\/v2\/media\/24329"}],"wp:attachment":[{"href":"https:\/\/cliente1.publisher.highstack.com.ar\/index.php?rest_route=%2Fwp%2Fv2%2Fmedia&parent=24328"}],"wp:term":[{"taxonomy":"category","embeddable":true,"href":"https:\/\/cliente1.publisher.highstack.com.ar\/index.php?rest_route=%2Fwp%2Fv2%2Fcategories&post=24328"},{"taxonomy":"post_tag","embeddable":true,"href":"https:\/\/cliente1.publisher.highstack.com.ar\/index.php?rest_route=%2Fwp%2Fv2%2Ftags&post=24328"}],"curies":[{"name":"wp","href":"https:\/\/api.w.org\/{rel}","templated":true}]}}