{"id":18414,"date":"2026-07-22T12:00:09","date_gmt":"2026-07-22T15:00:09","guid":{"rendered":"https:\/\/cliente1.publisher.highstack.com.ar\/?p=18414"},"modified":"2026-07-22T12:00:09","modified_gmt":"2026-07-22T15:00:09","slug":"parana-wine-reunira-a-mas-de-70-bodegas-y-productores-vitivinicolas-en-la-capital-provincial","status":"publish","type":"post","link":"https:\/\/cliente1.publisher.highstack.com.ar\/?p=18414","title":{"rendered":"Paran\u00e1 Wine reunir\u00e1 a m\u00e1s de 70 bodegas y productores vitivin\u00edcolas en la capital provincial"},"content":{"rendered":"<p>La muestra vitivin\u00edcola reunir\u00e1 a bodegas, en\u00f3logos, productores y p\u00fablico especializado. La jornada se llevar\u00e1 a cabo este s\u00e1bado 25 de julio, de 20 a 24, en las instalaciones del Centro Provincial de Convenciones de Paran\u00e1, articulando la difusi\u00f3n de la producci\u00f3n de vi\u00f1edos con la dinamizaci\u00f3n de la actividad tur\u00edstica en la capital entrerriana.<\/p>\n<p>Durante cuatro horas, el recinto provincial funcionar\u00e1 como escenario para una degustaci\u00f3n de etiquetas provenientes de distintas regiones del pa\u00eds. En esta oportunidad participar\u00e1n m\u00e1s de 70 bodegas y especialistas de la enolog\u00eda, entre los que se destacan emprendimientos entrerrianos que reflejan el paulatino crecimiento de la actividad en el territorio y su incorporaci\u00f3n a la cadena de valor tur\u00edstica.<\/p>\n<p>En los \u00faltimos a\u00f1os, Entre R\u00edos ampli\u00f3 su desarrollo vitivin\u00edcola mediante establecimientos que recuperan una tradici\u00f3n hist\u00f3rica provincial y ofrecen servicios orientados al turismo gastron\u00f3mico. En ese marco, Paran\u00e1 Wine se consolida como un espacio estrat\u00e9gico para visibilizar la producci\u00f3n local, promover las variedades regionales y acercar al p\u00fablico la oferta de servicios que integran este segmento en las distintas microrregiones.<\/p>\n","protected":false},"excerpt":{"rendered":"<p>El Ente Mixto de Turismo acompa\u00f1a la cuarta edici\u00f3n de la feria vitivin\u00edcola Paran\u00e1 Wine. El evento se realizar\u00e1 este s\u00e1bado en la capital provincial. Reunir\u00e1 a m\u00e1s de 70 bodegas del pa\u00eds y de la provincia, consolidando el turismo de eventos y la oferta enotur\u00edstica regional.<\/p>\n","protected":false},"author":0,"featured_media":18415,"comment_status":"open","ping_status":"open","sticky":false,"template":"","format":"standard","meta":{"footnotes":""},"categories":[2225,2233],"tags":[830],"class_list":["post-18414","post","type-post","status-publish","format-standard","has-post-thumbnail","hentry","category-locales","category-parana","tag-turismo"],"_links":{"self":[{"href":"https:\/\/cliente1.publisher.highstack.com.ar\/index.php?rest_route=\/wp\/v2\/posts\/18414","targetHints":{"allow":["GET"]}}],"collection":[{"href":"https:\/\/cliente1.publisher.highstack.com.ar\/index.php?rest_route=\/wp\/v2\/posts"}],"about":[{"href":"https:\/\/cliente1.publisher.highstack.com.ar\/index.php?rest_route=\/wp\/v2\/types\/post"}],"replies":[{"embeddable":true,"href":"https:\/\/cliente1.publisher.highstack.com.ar\/index.php?rest_route=%2Fwp%2Fv2%2Fcomments&post=18414"}],"version-history":[{"count":0,"href":"https:\/\/cliente1.publisher.highstack.com.ar\/index.php?rest_route=\/wp\/v2\/posts\/18414\/revisions"}],"wp:featuredmedia":[{"embeddable":true,"href":"https:\/\/cliente1.publisher.highstack.com.ar\/index.php?rest_route=\/wp\/v2\/media\/18415"}],"wp:attachment":[{"href":"https:\/\/cliente1.publisher.highstack.com.ar\/index.php?rest_route=%2Fwp%2Fv2%2Fmedia&parent=18414"}],"wp:term":[{"taxonomy":"category","embeddable":true,"href":"https:\/\/cliente1.publisher.highstack.com.ar\/index.php?rest_route=%2Fwp%2Fv2%2Fcategories&post=18414"},{"taxonomy":"post_tag","embeddable":true,"href":"https:\/\/cliente1.publisher.highstack.com.ar\/index.php?rest_route=%2Fwp%2Fv2%2Ftags&post=18414"}],"curies":[{"name":"wp","href":"https:\/\/api.w.org\/{rel}","templated":true}]}}